{"provider_url": "https://www.mariocampos.mg.leg.br", "title": "Tribuna Livre", "html": "<h2 style=\"text-align: left; padding-left: 30px; \"><strong>Quer fazer o uso da palavra e opinar sobre os projetos de leis durante as sess\u00f5es legislativas?</strong></h2>\r\n<p dir=\"ltr\" style=\"text-align: left; padding-left: 30px; \"><span>\u00a0</span></p>\r\n<p dir=\"ltr\" style=\"text-align: left; padding-left: 30px; \"><span>Segundo o Artigo 210\u00ba do Regimento Interno da C\u00e2mara Municipal de M\u00e1rio Campos, os cidad\u00e3os poder\u00e3o utilizar da tribuna livre desde que fa\u00e7am a inscri\u00e7\u00e3o at\u00e9 o prazo m\u00e1ximo de 30 (trinta) minutos antes do in\u00edcio da Reuni\u00e3o presencialmente ou atrav\u00e9s do link abaixo.</span></p>\r\n<p dir=\"ltr\" style=\"text-align: left; padding-left: 30px; \"><strong>Antes de fazer sua inscri\u00e7\u00e3o, atente-se a isso:</strong></p>\r\n<p dir=\"ltr\" style=\"text-align: left; padding-left: 30px; \"><span>- A inscri\u00e7\u00e3o deve ser feita no m\u00e1ximo de 30 (trinta) minutos antes do in\u00edcio da Reuni\u00e3o presencialmente ou atrav\u00e9s do link abaixo.</span></p>\r\n<p dir=\"ltr\" style=\"text-align: left; padding-left: 30px; \"><span>- O discurso poder\u00e1 ser feito estritamente acerca dos projetos de lei inclu\u00eddos na ordem do dia, isto \u00e9, projetos de lei que ser\u00e3o votados na sess\u00e3o.\u00a0</span></p>\r\n<p dir=\"ltr\" style=\"text-align: left; padding-left: 30px; \"><span>- O Presidente da C\u00e2mara fixar\u00e1 o n\u00famero de cidad\u00e3os que poder\u00e1 fazer uso da palavra em cada sess\u00e3o.</span></p>\r\n<p dir=\"ltr\" style=\"text-align: left; padding-left: 30px; \"><span>- Salvo determina\u00e7\u00e3o expressa em plen\u00e1rio, os cidad\u00e3os ter\u00e3o o prazo m\u00e1ximo de 5 (cinco) minutos para arguir sobre as mat\u00e9rias em que est\u00e1 previamente inscrito.</span></p>\r\n<p dir=\"ltr\" style=\"text-align: left; padding-left: 30px; \"><span>- O uso de linguagem incompat\u00edvel com a dignidade da C\u00e2mara acarretar\u00e1 na cassa\u00e7\u00e3o da palavra do cidad\u00e3o.</span></p>\r\n<p dir=\"ltr\" style=\"text-align: left; padding-left: 30px; \"><span>-\u00a0 \u00c9 facultado \u00e0 Mesa Diretora a cria\u00e7\u00e3o de regulamento espec\u00edfico para uso da Tribuna Livre por representantes de classes, escolas, faculdades e outros</span></p>\r\n<p dir=\"ltr\" style=\"text-align: left; padding-left: 30px; \"><span>segmentos.</span></p>\r\n<p dir=\"ltr\" style=\"text-align: left; padding-left: 30px; \"><span>\u00a0</span></p>\r\n<p dir=\"ltr\" style=\"text-align: left; padding-left: 30px; \"><span><span><br /></span></span></p>\r\n<p dir=\"ltr\" style=\"text-align: left; padding-left: 30px; \"><strong>Para se inscrever, clique no<a class=\"external-link\" href=\"https://forms.gle/RRW9qGMFSD73zLm49\" target=\"_self\" title=\"\"> link</a> ou no bot\u00e3o abaixo. </strong><span><strong>\u00a0\u00a0\u00a0\u00a0</strong>\u00a0\u00a0\u00a0\u00a0\u00a0\u00a0\u00a0\u00a0\u00a0\u00a0\u00a0\u00a0\u00a0\u00a0\u00a0\u00a0\u00a0\u00a0\u00a0\u00a0\u00a0\u00a0</span></p>\r\n<p dir=\"ltr\"><span>\u00a0\u00a0\u00a0\u00a0\u00a0\u00a0\u00a0\u00a0\u00a0\u00a0\u00a0\u00a0\u00a0\u00a0\u00a0\u00a0\u00a0\u00a0\u00a0\u00a0\u00a0\u00a0\u00a0\u00a0\u00a0\u00a0\u00a0\u00a0\u00a0\u00a0\u00a0\u00a0\u00a0\u00a0\u00a0\u00a0\u00a0\u00a0\u00a0\u00a0\u00a0\u00a0\u00a0\u00a0\u00a0\u00a0\u00a0</span></p>\r\n<p dir=\"ltr\"><span>\u00a0 \u00a0 \u00a0 \u00a0 \u00a0 \u00a0</span><a class=\"external-link\" href=\"https://forms.gle/RRW9qGMFSD73zLm49\" target=\"_self\" title=\"\"><img height=\"59\" src=\"https://lh3.googleusercontent.com/VKUt50CbZ52hYTStWKAOqa9c8eeWC9HW98fK6LsIk_pNlUwRj35Cp1_YS_jv2sMMF7Xj6e1lFh6JDA6uaFZfYdPWafLFYa8-v0w7v4tyJiVvy6Ck9VoxYRVafZXeuOyYVMd9HeTx\" width=\"200\" /></a></p>", "author_name": "Comunicacao Legislativa", "version": "1.0", "author_url": "https://www.mariocampos.mg.leg.br/author/Comunicacao Legislativa", "provider_name": "C\u00e2mara Municipal de M\u00e1rio Campos - MG", "type": "rich"}